{"id":825,"date":"2022-12-12T15:24:44","date_gmt":"2022-12-12T18:24:44","guid":{"rendered":"https:\/\/almanatura.cl\/?p=825"},"modified":"2023-02-01T22:40:01","modified_gmt":"2023-02-02T01:40:01","slug":"explorar-los-aspectos-positivos-y-negativos-de-los-imanes-en-los-trastornos-cognitivos-conductuales-de-los-pacientes-con-alzheimer-inicial","status":"publish","type":"post","link":"https:\/\/almanatura.cl\/index.php\/2022\/12\/12\/explorar-los-aspectos-positivos-y-negativos-de-los-imanes-en-los-trastornos-cognitivos-conductuales-de-los-pacientes-con-alzheimer-inicial\/","title":{"rendered":"Explorar los aspectos positivos y negativos de los imanes en los trastornos cognitivos conductuales de los pacientes con Alzheimer inicial"},"content":{"rendered":"<p>[et_pb_section fb_built=\u00bb1&#8243; _builder_version=\u00bb4.16&#8243; global_colors_info=\u00bb{}\u00bb][et_pb_row _builder_version=\u00bb4.16&#8243; background_size=\u00bbinitial\u00bb background_position=\u00bbtop_left\u00bb background_repeat=\u00bbrepeat\u00bb global_colors_info=\u00bb{}\u00bb][et_pb_column type=\u00bb4_4&#8243; _builder_version=\u00bb4.16&#8243; custom_padding=\u00bb|||\u00bb global_colors_info=\u00bb{}\u00bb custom_padding__hover=\u00bb|||\u00bb][et_pb_text _builder_version=\u00bb4.16&#8243; background_size=\u00bbinitial\u00bb background_position=\u00bbtop_left\u00bb background_repeat=\u00bbrepeat\u00bb global_colors_info=\u00bb{}\u00bb]<!-- divi:paragraph {\"align\":\"left\"} --><\/p>\n<p class=\"has-text-align-left\" style=\"text-align: justify;\">El Alzheimer, es una enfermedad que se diagnostica con elevada frecuencia en el mundo, cabe recordar que es una de las demencias m\u00e1s comunes y que afecta sobre todo a personas adultas mayores. As\u00ed lo indica el informe de la Organizaci\u00f3n Mundial de la Salud (OMS), con 55 millones de personas que viven con alg\u00fan tipo de demencia en el mundo, y en la regi\u00f3n de Las Am\u00e9ricas 10,3 millones de personas. Se pron\u00f3stica que dicha cifra aumentar\u00e1 a 78 millones en el a\u00f1o 2030 (Organizaci\u00f3n Panamericana de la Salud, 2020).<\/p>\n<p style=\"text-align: justify;\">\n<p><!-- \/divi:paragraph --><\/p>\n<p style=\"text-align: justify;\">\n<p><!-- divi:paragraph {\"align\":\"left\"} --><\/p>\n<p class=\"has-text-align-left\" style=\"text-align: justify;\">En Chile, los datos publicados dan cuenta del aumento de enfermedades neurodegenerativas de alg\u00fan tipo de demencia, las cuales equivalen al \u201c1,06% de la poblaci\u00f3n, cuya estimaci\u00f3n para el 2050 ser\u00eda un total del 3,10% de personas con demencia\u201d. <a>(Universidad San Sebasti\u00e1n [USS], 2019). <\/a>De manera que es \u201cun problema creciente dentro de la salud p\u00fablica del pa\u00eds, con alta prevalencia, impacto en la mortalidad e implicancia socioecon\u00f3mica que genera\u201d. (USS, 2019).<\/p>\n<p style=\"text-align: justify;\">\n<p><!-- \/divi:paragraph --><\/p>\n<p style=\"text-align: justify;\">\n<p><!-- divi:paragraph {\"align\":\"left\"} --><\/p>\n<p class=\"has-text-align-left\" style=\"text-align: justify;\">La demencia tipo Alzheimer se caracteriza por afectar de manera inicial los l\u00f3bulos temporales mediales produciendo una fuerte alteraci\u00f3n y disminuci\u00f3n de la memoria. De manera progresiva surgen trastornos cognitivos conductuales, tales como: apat\u00eda, irritabilidad, ansiedad, depresi\u00f3n entre otros (Pinel, 2007).<\/p>\n<p style=\"text-align: justify;\">\n<p><!-- \/divi:paragraph --><\/p>\n<p style=\"text-align: justify;\">\n<p><!-- divi:paragraph {\"align\":\"left\"} --><\/p>\n<p class=\"has-text-align-left\" style=\"text-align: justify;\">Estos trastornos que acompa\u00f1an la enfermedad alteran el bienestar general de la persona, lo que hace oportuno explorar medidas complementarias al farmac\u00e9utico que coadyuve a mejorar su calidad y esperanza de vida. En este sentido, la medicina complementaria, natural o energ\u00e9tica, dispone de terapias que podr\u00edan disminuir los efectos negativos de la enfermedad, que est\u00e1n relacionados con los trastornos cognitivos conductuales propios de dicho padecimiento. \u00a0<\/p>\n<p style=\"text-align: justify;\">\n<p><!-- \/divi:paragraph --><\/p>\n<p style=\"text-align: justify;\">\n<p><!-- divi:paragraph {\"align\":\"left\"} --><\/p>\n<p class=\"has-text-align-left\" style=\"text-align: justify;\">Ahora bien, en la medicina natural existe la terapia con imanes o Par Biomagn\u00e9tico que se\u00f1ala aliviar dolores f\u00edsicos y emocionales buscando la causa del malestar. Su utilizaci\u00f3n tiene una larga data en la historia, aparece en las escrituras chinas (2000 a.C.) combinada con acupuntura, asimismo en escritos antiguos hind\u00faes, p\u00e9rsicos, tibetano y egipcios. Incluso se dice que Cleopatra, usaba un im\u00e1n en su frente para prevenir el envejecimiento (Goiz, 2008, p.55). Al parecer la nobleza del magnetismo ha llevado a muchas personas en el mundo a utilizarlo debido a que hay ciertas dolencias f\u00edsicas y psicol\u00f3gicas que no tienen respuestas de parte de la medicina tradicional. En Am\u00e9rica, su precursor fue el doctor, Isaac Goiz Dur\u00e1n (2008), quien intent\u00f3 validar cient\u00edficamente la terapia con imanes de neodimio sobre los 1600 gauss, con su teor\u00eda del Par biomagn\u00e9tico, que consiste en explorar 350 puntos en el cuerpo. (p.68).<\/p>\n<p style=\"text-align: justify;\">\n<p><!-- \/divi:paragraph --><\/p>\n<p style=\"text-align: justify;\">\n<p><!-- divi:paragraph {\"align\":\"left\"} --><\/p>\n<p class=\"has-text-align-left\" style=\"text-align: justify;\">El doctor Goiz (2008), se\u00f1ala que este tratamiento no presenta contraindicaci\u00f3n con alg\u00fan procedimiento de la medicina tradicional, a excepci\u00f3n de personas que utilizan marcapasos, que est\u00e1n sometidas a quimioterapia o radioterapia y las embarazadas. Es decir, es compatible con la mayor\u00eda de los tratamientos porque es no invasivo y sin efecto colateral (p.72).<\/p>\n<p style=\"text-align: justify;\">\n<p><!-- \/divi:paragraph --><\/p>\n<p style=\"text-align: justify;\">\n<p><!-- divi:paragraph {\"align\":\"left\"} --><\/p>\n<p class=\"has-text-align-left\" style=\"text-align: justify;\">Su tratamiento destaca por buscar el origen de la sintomatolog\u00eda que presenta el paciente, que pueden deberse a la presencia de pat\u00f3genos, tales como: par\u00e1sitos, bacterias, y virus que se acumulan en ciertas zonas del cuerpo, produciendo dolencias f\u00edsicas, disfunci\u00f3n de \u00f3rganos y problemas emocionales (Goiz, 2008, p.93).<\/p>\n<p style=\"text-align: justify;\">\n<p><!-- \/divi:paragraph --><\/p>\n<p style=\"text-align: justify;\">\n<p><!-- divi:paragraph {\"align\":\"left\"} --><\/p>\n<p class=\"has-text-align-left\" style=\"text-align: justify;\">En efecto, con la aplicaci\u00f3n de imanes o Par Biomagn\u00e9tico se pretende explorar los efectos positivos y negativos en los trastornos cognitivos conductuales de las personas adultas mayores residentes en la Fundaci\u00f3n Las Rosas de Providencia, con la finalidad de coadyuvar a llevar de mejor manera la enfermedad de Alzheimer temprano, aliviar los malestares y mejorar su bienestar general.<\/p>\n<p style=\"text-align: justify;\">\n<p><!-- \/divi:paragraph --><\/p>\n<p style=\"text-align: justify;\">\n<p><!-- divi:paragraph {\"align\":\"left\"} --><\/p>\n<p class=\"has-text-align-left\" style=\"text-align: justify;\"><strong>Marco conceptual<\/strong><\/p>\n<p style=\"text-align: justify;\">\n<p><!-- \/divi:paragraph --><\/p>\n<p style=\"text-align: justify;\">\n<p><!-- divi:paragraph {\"align\":\"left\"} --><\/p>\n<p class=\"has-text-align-left\" style=\"text-align: justify;\">La enfermedad de Alzheimer es la m\u00e1s com\u00fan en el mundo, y contin\u00faa aumentando con los a\u00f1os afectando a miles de personas. Todav\u00eda se desconoce la causa que la origina, pero si se tiene certeza de la presencia de una sobreproducci\u00f3n de prote\u00ednas cerebrales llamadas beta-amiloide y Tau, las cuales se acumulan en dos dep\u00f3sitos: las placas y ovillos (Alzheimer\u2019s Association [AA], 2022). Si bien es cierto, que con la edad avanzada se tiende a desarrollarlos, las personas con Alzheimer tienen un nivel excedido de estas prote\u00ednas que podr\u00edan bloquear la comunicaci\u00f3n entre c\u00e9lulas nerviosas y ser las responsables de la destrucci\u00f3n celular. El promedio de vida de las personas es de 7 a\u00f1os, pero puede aumentar a los 20 a\u00f1os y las personas con m\u00e1s probabilidades de desarrollarla son los adultos de 65 a\u00f1os en adelante y con mayor incidencia en mujeres.<a> (A<\/a>A, 2022).<\/p>\n<p style=\"text-align: justify;\">\n<p><!-- \/divi:paragraph --><\/p>\n<p style=\"text-align: justify;\">\n<p><!-- divi:paragraph {\"align\":\"left\"} --><\/p>\n<p class=\"has-text-align-left\" style=\"text-align: justify;\">A nivel cerebral produce la destrucci\u00f3n de los surcos y los ventr\u00edculos laterales que aumentan de tama\u00f1o, ocasionando una atrofia anormal. As\u00ed el proceso de sinapsis (conexi\u00f3n entre c\u00e9lulas nerviosas) falla entorpeciendo las redes cerebrales, lo que produce una disminuci\u00f3n de la memoria y complicaciones en la funci\u00f3n ejecutiva, relacionadas con el pensamiento y la resoluci\u00f3n de problemas <a>(Alzheimer New Today, 2017)<\/a>. Afectando de forma inicial la memoria epis\u00f3dica de manera progresiva. Entre sus s\u00edntomas cognitivos conductuales destaca la: apat\u00eda, ansiedad, irritabilidad, agitaci\u00f3n, frustraci\u00f3n y depresi\u00f3n. La prevalencia de \u00e9sta \u00faltima llega al cincuenta por ciento, adem\u00e1s que influye de manera significativa en el deterioro cognitivo (<a>Weiler et al, 2019). \u00a0<\/a><\/p>\n<p style=\"text-align: justify;\">\n<p><!-- \/divi:paragraph --><\/p>\n<p style=\"text-align: justify;\">\n<p><!-- divi:paragraph {\"align\":\"left\"} --><\/p>\n<p class=\"has-text-align-left\" style=\"text-align: justify;\">A nivel mundial, los cient\u00edficos han buscado incansablemente encontrar nuevas t\u00e9cnicas que ayuden a tratar los s\u00edntomas cognitivos conductuales. Entre ellos, Estados Unidos, la FDA en 2008 logr\u00f3 aprobar la <strong>Estimulaci\u00f3n Magn\u00e9tica Transcraneal Repetitiva (RTMS)<\/strong> para pacientes sometidos a tratamientos por depresi\u00f3n, lo que aporta un interesante antecedente con respecto a los beneficios de los campos magn\u00e9ticos puestos \u201cen el cuero cabelludo del paciente que env\u00eda impulsos electromagn\u00e9ticos a un \u00e1rea espec\u00edfica del cerebro\u201d. \u00a0(Alzheimer New Today [ANT], 2017). Del mismo modo se experimenta esta t\u00e9cnica en los pacientes con Alzheimer, ya que produce una estimulaci\u00f3n en las c\u00e9lulas nerviosas del cerebro ayudando a mejorar sus s\u00edntomas. (ANT, 2017). Adem\u00e1s, en otro estudio con 10 participantes con la enfermedad, separados en grupo, uno de ellos recibi\u00f3 (RTMS) y el otro recibi\u00f3 placebo, el resultado es que hubo mejoras significativas en la compresi\u00f3n de oraciones habladas con relaci\u00f3n al grupo que recibi\u00f3 placebo, cuyos resultados fueron publicados en Journal of Neurology, Neurosurgery, and Psychiatry. (ANT, 2017).<\/p>\n<p style=\"text-align: justify;\">\n<p><!-- \/divi:paragraph --><\/p>\n<p style=\"text-align: justify;\">\n<p><!-- divi:paragraph {\"align\":\"left\"} --><\/p>\n<p class=\"has-text-align-left\" style=\"text-align: justify;\">De acuerdo con un trabajo publicado por Alzheimer New Today (2017) se combin\u00f3 (RTMS) y <strong>entrenamiento cognitivo<\/strong> con el fin de evaluar habilidades cognitivas, result\u00f3 que en ocho pacientes con Alzheimer condujo a una mejora en las habilidades de pensamiento, publicado en el Journal Of Neural Transmission. De la misma manera se est\u00e1 probando para la apat\u00eda y la mejora del sue\u00f1o.<\/p>\n<p style=\"text-align: justify;\">\n<p><!-- \/divi:paragraph --><\/p>\n<p style=\"text-align: justify;\">\n<p><!-- divi:paragraph {\"align\":\"left\"} --><\/p>\n<p class=\"has-text-align-left\" style=\"text-align: justify;\">Algunos ensayos han tenido como pacientes que sufren <strong>deterioro cognitivo leve y Alzheimer temprano<\/strong>, en la cual participaron 438 pacientes que recibieron (RTMS) y 207 pacientes del grupo de control, en trece ensayos revel\u00f3 beneficios significativos en la funci\u00f3n ejecutiva y lenguaje en relaci\u00f3n con el grupo de control. La t\u00e9cnica consiste en usar \u201cel protocolo (RTMS) con una frecuencia de 10 hz y DLPFC como sitio de estimulaci\u00f3n durante veinte sesiones continuas\u201d (Xie et al, 2021, P.3). Con beneficios cognitivos que duran hasta un mes despu\u00e9s del procedimiento.<\/p>\n<p style=\"text-align: justify;\">\n<p><!-- \/divi:paragraph --><\/p>\n<p style=\"text-align: justify;\">\n<p><!-- divi:paragraph {\"align\":\"left\"} --><\/p>\n<p class=\"has-text-align-left\" style=\"text-align: justify;\">En algunos ensayos durante el 2012 se demostr\u00f3 que el (RTMS) es un campo magn\u00e9tico de alta intensidad que produce la <strong>excitabilidad cortical,<\/strong> la cual puede modificarse si se aplica de manera constante y repetitiva en el tiempo. De modo, que un protocolo aplicado al paciente con Alzheimer podr\u00eda incluir sesiones intercaladas de <strong>altas y bajas frecuencias<\/strong>, en que aquellas bajas de 1hz incide en el <strong>control inhibitorio<\/strong>, mientras que las altas de 10 hz benefician la excitabilidad cortical. Las altas frecuencias tienen un notable resultado en el lenguaje y la capacidad de denominaci\u00f3n como fue demostrado en pacientes con Alzheimer leve en la que dichos campos magn\u00e9ticos fueron puestos en la corteza prefrontal y dorsolateral espec\u00edficamente, con beneficios que persistieron hasta los tres meses siguientes (Xie et al, 2021, p.12).<\/p>\n<p style=\"text-align: justify;\">\n<p><!-- \/divi:paragraph --><\/p>\n<p style=\"text-align: justify;\">\n<p><!-- divi:paragraph {\"align\":\"left\"} --><\/p>\n<p class=\"has-text-align-left\" style=\"text-align: justify;\">En la actualidad se est\u00e1 probando como estrategia utilizar el (RTMS) con altas frecuencias en sitios espec\u00edficos del cerebro, tales como: DLPFC bilateral, cortezas de asociaci\u00f3n somatosensorial parietal y \u00e1reas de Broca y Wernicke, durante cinco d\u00edas a la semana por seis semanas, m\u00e1s una fase de mantenimiento de dos d\u00edas continuos a la semana por tres meses, combinado con trabajo cognitivo relacionado con las \u00e1reas sometidas a la frecuencia magn\u00e9tica (Xie et al, 2021, p.12).\u00a0<\/p>\n<p style=\"text-align: justify;\">\n<p><!-- \/divi:paragraph --><\/p>\n<p style=\"text-align: justify;\">\n<p><!-- divi:paragraph {\"align\":\"left\"} --><\/p>\n<p class=\"has-text-align-left\" style=\"text-align: justify;\"><strong>Bibliograf\u00eda<\/strong><\/p>\n<p style=\"text-align: justify;\">\n<p><!-- \/divi:paragraph --><\/p>\n<p style=\"text-align: justify;\">\n<p><!-- divi:paragraph {\"align\":\"left\"} --><\/p>\n<p class=\"has-text-align-left\" style=\"text-align: justify;\">Azheimer\u2019s Association. (2022). <em>\u00bfQu\u00e9 es el Alzheimer?<\/em> Consultado el 24 de julio de 2022, de <a href=\"https:\/\/www.alz.org\/alzheimer-demencia\/que-es-la-enfermedad-de-alzheimer\">\u00bfQu\u00e9 es el Alzheimer? | Espa\u00f1ol | Alzheimer\u2019s Association<\/a><\/p>\n<p style=\"text-align: justify;\">\n<p><!-- \/divi:paragraph --><\/p>\n<p style=\"text-align: justify;\">\n<p><!-- divi:paragraph {\"align\":\"left\"} --><\/p>\n<p class=\"has-text-align-left\" style=\"text-align: justify;\">Alzheimer New Today. (2017). <em>Repetitive Transcranial Magnetic Stimulation (RTMS).<\/em> Consultado el 30 de julio de 2017, de <a href=\"https:\/\/alzheimersnewstoday.com\/repetitive-transcranial-magnetic-stimulation-rtms\/\">Repetitive Transcranial Magnetic Stimulation (rTMS) &#8211; Alzheimer&#8217;s News Today (alzheimersnewstoday.com)<\/a><\/p>\n<p style=\"text-align: justify;\">\n<p><!-- \/divi:paragraph --><\/p>\n<p style=\"text-align: justify;\">\n<p><!-- divi:paragraph {\"align\":\"left\"} --><\/p>\n<p class=\"has-text-align-left\" style=\"text-align: justify;\">Goiz, I. (2008). El Par Biomagn\u00e9tico.(1\u00aa ed.). Centro de investigaci\u00f3n de Biomagn\u00e9tismo M\u00e9dico, S.C.<\/p>\n<p style=\"text-align: justify;\">\n<p><!-- \/divi:paragraph --><\/p>\n<p style=\"text-align: justify;\">\n<p><!-- divi:paragraph {\"align\":\"left\"} --><\/p>\n<p class=\"has-text-align-left\" style=\"text-align: justify;\">Organizaci\u00f3n Panamericana de la Salud. (2020<em>). Demencia. Reuni\u00f3n t\u00e9cnica sobre los aspectos de la salud p\u00fablica de la demencia en Las Am\u00e9ricas<\/em>. Consultado el 18 de noviembre de 2021, de <a href=\"https:\/\/www.paho.org\/es\/temas\/demencia\">Demencia &#8211; OPS\/OMS | Organizaci\u00f3n Panamericana de la Salud (paho.org)<\/a><\/p>\n<p style=\"text-align: justify;\">\n<p><!-- \/divi:paragraph --><\/p>\n<p style=\"text-align: justify;\">\n<p><!-- divi:paragraph {\"align\":\"left\"} --><\/p>\n<p class=\"has-text-align-left\" style=\"text-align: justify;\">Pinel, J. (2007). <em>Biopsicolog\u00eda. <\/em>(6\u00aa ed.). Pearson Educaci\u00f3n S.A.<\/p>\n<p style=\"text-align: justify;\">\n<p><!-- \/divi:paragraph --><\/p>\n<p style=\"text-align: justify;\">\n<p><!-- divi:paragraph {\"align\":\"left\"} --><\/p>\n<p class=\"has-text-align-left\" style=\"text-align: justify;\">Universidad San Sebasti\u00e1n. (2019). <em>Alzheimer, una enfermedad en crecimiento<\/em>. Consultado el 26 de septiembre de 2019, de <a href=\"https:\/\/www.uss.cl\/odontologia-rehabilitacion\/alzheimer-enfermedad-crecimiento\/\">Facultad de Odontolog\u00eda y Ciencias de la Rehabilitaci\u00f3n | USS 2022<\/a><\/p>\n<p style=\"text-align: justify;\">\n<p><!-- \/divi:paragraph --><\/p>\n<p style=\"text-align: justify;\">\n<p><!-- divi:paragraph {\"align\":\"left\"} --><\/p>\n<p class=\"has-text-align-left\" style=\"text-align: justify;\">Weiler, M., Stieger, K., Long, J. y Rapp, P. (2019). Transcranial Magnetic in Alzheimer\u00b4s Disease: Are We Ready? National Library Of Medicine, 7 (1). doi:\u00a0<a href=\"https:\/\/doi.org\/10.1523%2FENEURO.0235-19.2019\" target=\"_blank\" rel=\"noreferrer noopener\">10.1523\/ENEURO.0235-<\/a><\/p>\n<p style=\"text-align: justify;\">\n<p><!-- \/divi:paragraph --><\/p>\n<p style=\"text-align: justify;\">\n<p><!-- divi:paragraph {\"align\":\"left\"} --><\/p>\n<p class=\"has-text-align-left\" style=\"text-align: justify;\">Xie, Y., Li, Y., Nie, L., Zhang, W., Ke, Z., y Ku, Y. (2021). Cognitive Enhancement of Repetitive Transcranial Magnetic Stimulation in Patients with Mild Cognitive Impairment and Early Alzheimer\u00b4s Disease: A Systematic Review and Meta-Analysis. Frontiers in Cell and Developmental Biology, 1 (9). <a href=\"https:\/\/doi.org\/10.3389\/fcell.2021.734046\">https:\/\/doi.org\/10.3389\/fcell.2021.734046<\/a><\/p>\n<p>&nbsp;<\/p>\n<p><!-- \/divi:paragraph -->[\/et_pb_text][\/et_pb_column][\/et_pb_row][\/et_pb_section]<\/p>\n","protected":false},"excerpt":{"rendered":"<p>El Alzheimer, es una enfermedad que se diagnostica con elevada frecuencia en el mundo, cabe recordar que es una de las demencias m\u00e1s comunes y que afecta sobre todo a personas adultas mayores. As\u00ed lo indica el informe de la Organizaci\u00f3n Mundial de la Salud (OMS), con 55 millones de personas que viven con alg\u00fan [&hellip;]<\/p>\n","protected":false},"author":2,"featured_media":0,"comment_status":"open","ping_status":"closed","sticky":false,"template":"","format":"standard","meta":{"_et_pb_use_builder":"on","_et_pb_old_content":"<!-- wp:paragraph {\"align\":\"left\"} -->\r\n<p class=\"has-text-align-left\">El Alzheimer, es una enfermedad que se diagnostica con elevada frecuencia en el mundo, cabe recordar que es una de las demencias m\u00e1s comunes y que afecta sobre todo a personas adultas mayores. As\u00ed lo indica el informe de la Organizaci\u00f3n Mundial de la Salud (OMS), con 55 millones de personas que viven con alg\u00fan tipo de demencia en el mundo, y en la regi\u00f3n de Las Am\u00e9ricas 10,3 millones de personas. Se pron\u00f3stica que dicha cifra aumentar\u00e1 a 78 millones en el a\u00f1o 2030 (Organizaci\u00f3n Panamericana de la Salud, 2020).<\/p>\r\n<!-- \/wp:paragraph -->\r\n\r\n<!-- wp:paragraph {\"align\":\"left\"} -->\r\n<p class=\"has-text-align-left\">En Chile, los datos publicados dan cuenta del aumento de enfermedades neurodegenerativas de alg\u00fan tipo de demencia, las cuales equivalen al \u201c1,06% de la poblaci\u00f3n, cuya estimaci\u00f3n para el 2050 ser\u00eda un total del 3,10% de personas con demencia\u201d. <a>(Universidad San Sebasti\u00e1n [USS], 2019). <\/a>De manera que es \u201cun problema creciente dentro de la salud p\u00fablica del pa\u00eds, con alta prevalencia, impacto en la mortalidad e implicancia socioecon\u00f3mica que genera\u201d. (USS, 2019).<\/p>\r\n<!-- \/wp:paragraph -->\r\n\r\n<!-- wp:paragraph {\"align\":\"left\"} -->\r\n<p class=\"has-text-align-left\">La demencia tipo Alzheimer se caracteriza por afectar de manera inicial los l\u00f3bulos temporales mediales produciendo una fuerte alteraci\u00f3n y disminuci\u00f3n de la memoria. De manera progresiva surgen trastornos cognitivos conductuales, tales como: apat\u00eda, irritabilidad, ansiedad, depresi\u00f3n entre otros (Pinel, 2007).<\/p>\r\n<!-- \/wp:paragraph -->\r\n\r\n<!-- wp:paragraph {\"align\":\"left\"} -->\r\n<p class=\"has-text-align-left\">Estos trastornos que acompa\u00f1an la enfermedad alteran el bienestar general de la persona, lo que hace oportuno explorar medidas complementarias al farmac\u00e9utico que coadyuve a mejorar su calidad y esperanza de vida. En este sentido, la medicina complementaria, natural o energ\u00e9tica, dispone de terapias que podr\u00edan disminuir los efectos negativos de la enfermedad, que est\u00e1n relacionados con los trastornos cognitivos conductuales propios de dicho padecimiento. \u00a0<\/p>\r\n<!-- \/wp:paragraph -->\r\n\r\n<!-- wp:paragraph {\"align\":\"left\"} -->\r\n<p class=\"has-text-align-left\">Ahora bien, en la medicina natural existe la terapia con imanes o Par Biomagn\u00e9tico que se\u00f1ala aliviar dolores f\u00edsicos y emocionales buscando la causa del malestar. Su utilizaci\u00f3n tiene una larga data en la historia, aparece en las escrituras chinas (2000 a.C.) combinada con acupuntura, asimismo en escritos antiguos hind\u00faes, p\u00e9rsicos, tibetano y egipcios. Incluso se dice que Cleopatra, usaba un im\u00e1n en su frente para prevenir el envejecimiento (Goiz, 2008, p.55). Al parecer la nobleza del magnetismo ha llevado a muchas personas en el mundo a utilizarlo debido a que hay ciertas dolencias f\u00edsicas y psicol\u00f3gicas que no tienen respuestas de parte de la medicina tradicional. En Am\u00e9rica, su precursor fue el doctor, Isaac Goiz Dur\u00e1n (2008), quien intent\u00f3 validar cient\u00edficamente la terapia con imanes de neodimio sobre los 1600 gauss, con su teor\u00eda del Par biomagn\u00e9tico, que consiste en explorar 350 puntos en el cuerpo. (p.68).<\/p>\r\n<!-- \/wp:paragraph -->\r\n\r\n<!-- wp:paragraph {\"align\":\"left\"} -->\r\n<p class=\"has-text-align-left\">El doctor Goiz (2008), se\u00f1ala que este tratamiento no presenta contraindicaci\u00f3n con alg\u00fan procedimiento de la medicina tradicional, a excepci\u00f3n de personas que utilizan marcapasos, que est\u00e1n sometidas a quimioterapia o radioterapia y las embarazadas. Es decir, es compatible con la mayor\u00eda de los tratamientos porque es no invasivo y sin efecto colateral (p.72).<\/p>\r\n<!-- \/wp:paragraph -->\r\n\r\n<!-- wp:paragraph {\"align\":\"left\"} -->\r\n<p class=\"has-text-align-left\">Su tratamiento destaca por buscar el origen de la sintomatolog\u00eda que presenta el paciente, que pueden deberse a la presencia de pat\u00f3genos, tales como: par\u00e1sitos, bacterias, y virus que se acumulan en ciertas zonas del cuerpo, produciendo dolencias f\u00edsicas, disfunci\u00f3n de \u00f3rganos y problemas emocionales (Goiz, 2008, p.93).<\/p>\r\n<!-- \/wp:paragraph -->\r\n\r\n<!-- wp:paragraph {\"align\":\"left\"} -->\r\n<p class=\"has-text-align-left\">En efecto, con la aplicaci\u00f3n de imanes o Par Biomagn\u00e9tico se pretende explorar los efectos positivos y negativos en los trastornos cognitivos conductuales de las personas adultas mayores residentes en la Fundaci\u00f3n Las Rosas de Providencia, con la finalidad de coadyuvar a llevar de mejor manera la enfermedad de Alzheimer temprano, aliviar los malestares y mejorar su bienestar general.<\/p>\r\n<!-- \/wp:paragraph -->\r\n\r\n<!-- wp:paragraph {\"align\":\"left\"} -->\r\n<p class=\"has-text-align-left\"><strong>Marco conceptual<\/strong><\/p>\r\n<!-- \/wp:paragraph -->\r\n\r\n<!-- wp:paragraph {\"align\":\"left\"} -->\r\n<p class=\"has-text-align-left\">La enfermedad de Alzheimer es la m\u00e1s com\u00fan en el mundo, y contin\u00faa aumentando con los a\u00f1os afectando a miles de personas. Todav\u00eda se desconoce la causa que la origina, pero si se tiene certeza de la presencia de una sobreproducci\u00f3n de prote\u00ednas cerebrales llamadas beta-amiloide y Tau, las cuales se acumulan en dos dep\u00f3sitos: las placas y ovillos (Alzheimer\u2019s Association [AA], 2022). Si bien es cierto, que con la edad avanzada se tiende a desarrollarlos, las personas con Alzheimer tienen un nivel excedido de estas prote\u00ednas que podr\u00edan bloquear la comunicaci\u00f3n entre c\u00e9lulas nerviosas y ser las responsables de la destrucci\u00f3n celular. El promedio de vida de las personas es de 7 a\u00f1os, pero puede aumentar a los 20 a\u00f1os y las personas con m\u00e1s probabilidades de desarrollarla son los adultos de 65 a\u00f1os en adelante y con mayor incidencia en mujeres.<a> (A<\/a>A, 2022).<\/p>\r\n<!-- \/wp:paragraph -->\r\n\r\n<!-- wp:paragraph {\"align\":\"left\"} -->\r\n<p class=\"has-text-align-left\">A nivel cerebral produce la destrucci\u00f3n de los surcos y los ventr\u00edculos laterales que aumentan de tama\u00f1o, ocasionando una atrofia anormal. As\u00ed el proceso de sinapsis (conexi\u00f3n entre c\u00e9lulas nerviosas) falla entorpeciendo las redes cerebrales, lo que produce una disminuci\u00f3n de la memoria y complicaciones en la funci\u00f3n ejecutiva, relacionadas con el pensamiento y la resoluci\u00f3n de problemas <a>(Alzheimer New Today, 2017)<\/a>. Afectando de forma inicial la memoria epis\u00f3dica de manera progresiva. Entre sus s\u00edntomas cognitivos conductuales destaca la: apat\u00eda, ansiedad, irritabilidad, agitaci\u00f3n, frustraci\u00f3n y depresi\u00f3n. La prevalencia de \u00e9sta \u00faltima llega al cincuenta por ciento, adem\u00e1s que influye de manera significativa en el deterioro cognitivo (<a>Weiler et al, 2019). \u00a0<\/a><\/p>\r\n<!-- \/wp:paragraph -->\r\n\r\n<!-- wp:paragraph {\"align\":\"left\"} -->\r\n<p class=\"has-text-align-left\">A nivel mundial, los cient\u00edficos han buscado incansablemente encontrar nuevas t\u00e9cnicas que ayuden a tratar los s\u00edntomas cognitivos conductuales. Entre ellos, Estados Unidos, la FDA en 2008 logr\u00f3 aprobar la <strong>Estimulaci\u00f3n Magn\u00e9tica Transcraneal Repetitiva (RTMS)<\/strong> para pacientes sometidos a tratamientos por depresi\u00f3n, lo que aporta un interesante antecedente con respecto a los beneficios de los campos magn\u00e9ticos puestos \u201cen el cuero cabelludo del paciente que env\u00eda impulsos electromagn\u00e9ticos a un \u00e1rea espec\u00edfica del cerebro\u201d. \u00a0(Alzheimer New Today [ANT], 2017). Del mismo modo se experimenta esta t\u00e9cnica en los pacientes con Alzheimer, ya que produce una estimulaci\u00f3n en las c\u00e9lulas nerviosas del cerebro ayudando a mejorar sus s\u00edntomas. (ANT, 2017). Adem\u00e1s, en otro estudio con 10 participantes con la enfermedad, separados en grupo, uno de ellos recibi\u00f3 (RTMS) y el otro recibi\u00f3 placebo, el resultado es que hubo mejoras significativas en la compresi\u00f3n de oraciones habladas con relaci\u00f3n al grupo que recibi\u00f3 placebo, cuyos resultados fueron publicados en Journal of Neurology, Neurosurgery, and Psychiatry. (ANT, 2017).<\/p>\r\n<!-- \/wp:paragraph -->\r\n\r\n<!-- wp:paragraph {\"align\":\"left\"} -->\r\n<p class=\"has-text-align-left\">De acuerdo con un trabajo publicado por Alzheimer New Today (2017) se combin\u00f3 (RTMS) y <strong>entrenamiento cognitivo<\/strong> con el fin de evaluar habilidades cognitivas, result\u00f3 que en ocho pacientes con Alzheimer condujo a una mejora en las habilidades de pensamiento, publicado en el Journal Of Neural Transmission. De la misma manera se est\u00e1 probando para la apat\u00eda y la mejora del sue\u00f1o.<\/p>\r\n<!-- \/wp:paragraph -->\r\n\r\n<!-- wp:paragraph {\"align\":\"left\"} -->\r\n<p class=\"has-text-align-left\">Algunos ensayos han tenido como pacientes que sufren <strong>deterioro cognitivo leve y Alzheimer temprano<\/strong>, en la cual participaron 438 pacientes que recibieron (RTMS) y 207 pacientes del grupo de control, en trece ensayos revel\u00f3 beneficios significativos en la funci\u00f3n ejecutiva y lenguaje en relaci\u00f3n con el grupo de control. La t\u00e9cnica consiste en usar \u201cel protocolo (RTMS) con una frecuencia de 10 hz y DLPFC como sitio de estimulaci\u00f3n durante veinte sesiones continuas\u201d (Xie et al, 2021, P.3). Con beneficios cognitivos que duran hasta un mes despu\u00e9s del procedimiento.<\/p>\r\n<!-- \/wp:paragraph -->\r\n\r\n<!-- wp:paragraph {\"align\":\"left\"} -->\r\n<p class=\"has-text-align-left\">En algunos ensayos durante el 2012 se demostr\u00f3 que el (RTMS) es un campo magn\u00e9tico de alta intensidad que produce la <strong>excitabilidad cortical,<\/strong> la cual puede modificarse si se aplica de manera constante y repetitiva en el tiempo. De modo, que un protocolo aplicado al paciente con Alzheimer podr\u00eda incluir sesiones intercaladas de <strong>altas y bajas frecuencias<\/strong>, en que aquellas bajas de 1hz incide en el <strong>control inhibitorio<\/strong>, mientras que las altas de 10 hz benefician la excitabilidad cortical. Las altas frecuencias tienen un notable resultado en el lenguaje y la capacidad de denominaci\u00f3n como fue demostrado en pacientes con Alzheimer leve en la que dichos campos magn\u00e9ticos fueron puestos en la corteza prefrontal y dorsolateral espec\u00edficamente, con beneficios que persistieron hasta los tres meses siguientes (Xie et al, 2021, p.12).<\/p>\r\n<!-- \/wp:paragraph -->\r\n\r\n<!-- wp:paragraph {\"align\":\"left\"} -->\r\n<p class=\"has-text-align-left\">En la actualidad se est\u00e1 probando como estrategia utilizar el (RTMS) con altas frecuencias en sitios espec\u00edficos del cerebro, tales como: DLPFC bilateral, cortezas de asociaci\u00f3n somatosensorial parietal y \u00e1reas de Broca y Wernicke, durante cinco d\u00edas a la semana por seis semanas, m\u00e1s una fase de mantenimiento de dos d\u00edas continuos a la semana por tres meses, combinado con trabajo cognitivo relacionado con las \u00e1reas sometidas a la frecuencia magn\u00e9tica (Xie et al, 2021, p.12).\u00a0<\/p>\r\n<!-- \/wp:paragraph -->\r\n\r\n<!-- wp:paragraph {\"align\":\"left\"} -->\r\n<p class=\"has-text-align-left\"><strong>Bibliograf\u00eda<\/strong><\/p>\r\n<!-- \/wp:paragraph -->\r\n\r\n<!-- wp:paragraph {\"align\":\"left\"} -->\r\n<p class=\"has-text-align-left\">Azheimer\u2019s Association. (2022). <em>\u00bfQu\u00e9 es el Alzheimer?<\/em> Consultado el 24 de julio de 2022, de <a href=\"https:\/\/www.alz.org\/alzheimer-demencia\/que-es-la-enfermedad-de-alzheimer\">\u00bfQu\u00e9 es el Alzheimer? | Espa\u00f1ol | Alzheimer\u2019s Association<\/a><\/p>\r\n<!-- \/wp:paragraph -->\r\n\r\n<!-- wp:paragraph {\"align\":\"left\"} -->\r\n<p class=\"has-text-align-left\">Alzheimer New Today. (2017). <em>Repetitive Transcranial Magnetic Stimulation (RTMS).<\/em> Consultado el 30 de julio de 2017, de <a href=\"https:\/\/alzheimersnewstoday.com\/repetitive-transcranial-magnetic-stimulation-rtms\/\">Repetitive Transcranial Magnetic Stimulation (rTMS) - Alzheimer's News Today (alzheimersnewstoday.com)<\/a><\/p>\r\n<!-- \/wp:paragraph -->\r\n\r\n<!-- wp:paragraph {\"align\":\"left\"} -->\r\n<p class=\"has-text-align-left\">Goiz, I. (2008). El Par Biomagn\u00e9tico.(1\u00aa ed.). Centro de investigaci\u00f3n de Biomagn\u00e9tismo M\u00e9dico, S.C.<\/p>\r\n<!-- \/wp:paragraph -->\r\n\r\n<!-- wp:paragraph {\"align\":\"left\"} -->\r\n<p class=\"has-text-align-left\">Organizaci\u00f3n Panamericana de la Salud. (2020<em>). Demencia. Reuni\u00f3n t\u00e9cnica sobre los aspectos de la salud p\u00fablica de la demencia en Las Am\u00e9ricas<\/em>. Consultado el 18 de noviembre de 2021, de <a href=\"https:\/\/www.paho.org\/es\/temas\/demencia\">Demencia - OPS\/OMS | Organizaci\u00f3n Panamericana de la Salud (paho.org)<\/a><\/p>\r\n<!-- \/wp:paragraph -->\r\n\r\n<!-- wp:paragraph {\"align\":\"left\"} -->\r\n<p class=\"has-text-align-left\">Pinel, J. (2007). <em>Biopsicolog\u00eda. <\/em>(6\u00aa ed.). Pearson Educaci\u00f3n S.A.<\/p>\r\n<!-- \/wp:paragraph -->\r\n\r\n<!-- wp:paragraph {\"align\":\"left\"} -->\r\n<p class=\"has-text-align-left\">Universidad San Sebasti\u00e1n. (2019). <em>Alzheimer, una enfermedad en crecimiento<\/em>. Consultado el 26 de septiembre de 2019, de <a href=\"https:\/\/www.uss.cl\/odontologia-rehabilitacion\/alzheimer-enfermedad-crecimiento\/\">Facultad de Odontolog\u00eda y Ciencias de la Rehabilitaci\u00f3n | USS 2022<\/a><\/p>\r\n<!-- \/wp:paragraph -->\r\n\r\n<!-- wp:paragraph {\"align\":\"left\"} -->\r\n<p class=\"has-text-align-left\">Weiler, M., Stieger, K., Long, J. y Rapp, P. (2019). Transcranial Magnetic in Alzheimer\u00b4s Disease: Are We Ready? National Library Of Medicine, 7 (1). doi:\u00a0<a href=\"https:\/\/doi.org\/10.1523%2FENEURO.0235-19.2019\" target=\"_blank\" rel=\"noreferrer noopener\">10.1523\/ENEURO.0235-<\/a><\/p>\r\n<!-- \/wp:paragraph -->\r\n\r\n<!-- wp:paragraph {\"align\":\"left\"} -->\r\n<p class=\"has-text-align-left\">Xie, Y., Li, Y., Nie, L., Zhang, W., Ke, Z., y Ku, Y. (2021). Cognitive Enhancement of Repetitive Transcranial Magnetic Stimulation in Patients with Mild Cognitive Impairment and Early Alzheimer\u00b4s Disease: A Systematic Review and Meta-Analysis. Frontiers in Cell and Developmental Biology, 1 (9). <a href=\"https:\/\/doi.org\/10.3389\/fcell.2021.734046\">https:\/\/doi.org\/10.3389\/fcell.2021.734046<\/a><\/p>\r\n<!-- \/wp:paragraph -->","_et_gb_content_width":"","_joinchat":[],"footnotes":""},"categories":[42],"tags":[43,39,41],"class_list":["post-825","post","type-post","status-publish","format-standard","hentry","category-salud","tag-biomagnetismo","tag-salud","tag-terapia"],"_links":{"self":[{"href":"https:\/\/almanatura.cl\/index.php\/wp-json\/wp\/v2\/posts\/825","targetHints":{"allow":["GET"]}}],"collection":[{"href":"https:\/\/almanatura.cl\/index.php\/wp-json\/wp\/v2\/posts"}],"about":[{"href":"https:\/\/almanatura.cl\/index.php\/wp-json\/wp\/v2\/types\/post"}],"author":[{"embeddable":true,"href":"https:\/\/almanatura.cl\/index.php\/wp-json\/wp\/v2\/users\/2"}],"replies":[{"embeddable":true,"href":"https:\/\/almanatura.cl\/index.php\/wp-json\/wp\/v2\/comments?post=825"}],"version-history":[{"count":5,"href":"https:\/\/almanatura.cl\/index.php\/wp-json\/wp\/v2\/posts\/825\/revisions"}],"predecessor-version":[{"id":878,"href":"https:\/\/almanatura.cl\/index.php\/wp-json\/wp\/v2\/posts\/825\/revisions\/878"}],"wp:attachment":[{"href":"https:\/\/almanatura.cl\/index.php\/wp-json\/wp\/v2\/media?parent=825"}],"wp:term":[{"taxonomy":"category","embeddable":true,"href":"https:\/\/almanatura.cl\/index.php\/wp-json\/wp\/v2\/categories?post=825"},{"taxonomy":"post_tag","embeddable":true,"href":"https:\/\/almanatura.cl\/index.php\/wp-json\/wp\/v2\/tags?post=825"}],"curies":[{"name":"wp","href":"https:\/\/api.w.org\/{rel}","templated":true}]}}